{"id":90003,"date":"2024-02-09T19:10:17","date_gmt":"2024-02-09T18:10:17","guid":{"rendered":"https:\/\/gr.spschweiz.ch\/blog\/2024\/02\/09\/raccomandazioni-di-voto-per-le-iniziative-sul-sitema-pensionistico\/"},"modified":"2024-02-09T19:10:17","modified_gmt":"2024-02-09T18:10:17","slug":"raccomandazioni-di-voto-per-le-iniziative-sul-sitema-pensionistico","status":"publish","type":"post","link":"https:\/\/sp-gr.ch\/it\/blog\/2024\/02\/09\/raccomandazioni-di-voto-per-le-iniziative-sul-sitema-pensionistico\/","title":{"rendered":"Raccomandazioni di voto per le iniziative sul sitema pensionistico"},"content":{"rendered":"\n<p><strong>Il PS Grigioni \u00e8 fermamente a favore dell&#8217;iniziativa per una 13esima AVS. Con la stessa convinzione respinge l&#8217;iniziativa sulle pensioni dei giovani liberali. Entrambe le raccomandazioni di voto sono state adottate all&#8217;unanimit\u00e0 dal Comitato cantonale del PS Grigioni.<\/strong><\/p>\n\n<p><strong>Per una pensione dignitosa&#13;\n<\/strong>Il 3 marzo la Svizzera voter\u00e0 su due iniziative di grande portata sulla previdenza per la vecchiaia. Per il PS Grigioni \u00e8 chiaro per quale obbiettivo bisogna lavorare: per una pensione sufficiente per vivere. Per questo motivo \u00e8 favorevole all&#8217;iniziativa per una 13esima AVS. Questo rafforzamento dell&#8217;AVS significa una maggiore sicurezza economica nella vecchiaia cos\u00ec come vuole la Costituzione. Con la 13esima AVS, la Svizzera rafforzerebbe il sistema pensionistico grazie a un effetto redistributivo migliore. Purtroppo, oggi la pensione per molte persone non \u00e8 pi\u00f9 sufficiente a coprire le spese mensili. Visto che anche la previdenza professionale, in particolare per le donne, rischia di deteriorarsi, la 13esima AVS \u00e8 tutt&#8217;altro che un lusso. \u00c8 una necessit\u00e0.<\/p>\n\n<p><strong>Lavorare fino allo sfinimento?&#13;\n<\/strong>L&#8217;iniziativa delle pensioni dei giovani liberali mira ad aumentare in modo massiccio l&#8217;et\u00e0 pensionabile per tutti, va perci\u00f2 in una direzione completamente diversa. Il PS Grigioni la respinge all\u2019unanimit\u00e0: non possiamo permettere che le pensioni si deteriorino di nuovo solo un anno e mezzo dopo l&#8217;ultimo aumento dell&#8217;et\u00e0 pensionabile. Con questa iniziativa i ricchi potranno continuare a permettersi il pensionamento anticipato, mentre la maggior parte della popolazione dovr\u00e0 lavorare pi\u00f9 a lungo. Questo significa una perdita significativa in termini di rendita pensionistica. Inoltre, vista la situazione talvolta difficile dei lavoratori over 60 sul mercato del lavoro, \u00e8 controproducente aumentare l&#8217;et\u00e0 pensionabile. Purtroppo i giovani liberali non riconoscono la realt\u00e0 sul mercato del lavoro e della popolazione attiva.<\/p>\n","protected":false},"excerpt":{"rendered":"<p>Il PS Grigioni \u00e8 fermamente a favore dell&#8217;iniziativa per una 13esima AVS. Con la stessa convinzione respinge l&#8217;iniziativa sulle pensioni dei giovani liberali. Entrambe le raccomandazioni di voto sono state [&hellip;]<\/p>\n","protected":false},"author":4,"featured_media":0,"comment_status":"open","ping_status":"open","sticky":false,"template":"","format":"standard","meta":{"footnotes":""},"categories":[15509,15524,15517],"tags":[],"cpt-channel":[],"class_list":["post-90003","post","type-post","status-publish","format-standard","hentry","category-communicato-stampa","category-non-categorizzato","category-votazioni"],"_links":{"self":[{"href":"https:\/\/sp-gr.ch\/it\/wp-json\/wp\/v2\/posts\/90003","targetHints":{"allow":["GET"]}}],"collection":[{"href":"https:\/\/sp-gr.ch\/it\/wp-json\/wp\/v2\/posts"}],"about":[{"href":"https:\/\/sp-gr.ch\/it\/wp-json\/wp\/v2\/types\/post"}],"author":[{"embeddable":true,"href":"https:\/\/sp-gr.ch\/it\/wp-json\/wp\/v2\/users\/4"}],"replies":[{"embeddable":true,"href":"https:\/\/sp-gr.ch\/it\/wp-json\/wp\/v2\/comments?post=90003"}],"version-history":[{"count":0,"href":"https:\/\/sp-gr.ch\/it\/wp-json\/wp\/v2\/posts\/90003\/revisions"}],"wp:attachment":[{"href":"https:\/\/sp-gr.ch\/it\/wp-json\/wp\/v2\/media?parent=90003"}],"wp:term":[{"taxonomy":"category","embeddable":true,"href":"https:\/\/sp-gr.ch\/it\/wp-json\/wp\/v2\/categories?post=90003"},{"taxonomy":"post_tag","embeddable":true,"href":"https:\/\/sp-gr.ch\/it\/wp-json\/wp\/v2\/tags?post=90003"},{"taxonomy":"cpt-channel","embeddable":true,"href":"https:\/\/sp-gr.ch\/it\/wp-json\/wp\/v2\/cpt-channel?post=90003"}],"curies":[{"name":"wp","href":"https:\/\/api.w.org\/{rel}","templated":true}]}}