{"id":90001,"date":"2024-02-07T14:23:02","date_gmt":"2024-02-07T13:23:02","guid":{"rendered":"https:\/\/gr.spschweiz.ch\/blog\/2024\/02\/07\/il-ps-e-favorevole-a-una-politica-finanziaria-e-sanitaria-responsabile\/"},"modified":"2024-02-07T14:23:02","modified_gmt":"2024-02-07T13:23:02","slug":"il-ps-e-favorevole-a-una-politica-finanziaria-e-sanitaria-responsabile","status":"publish","type":"post","link":"https:\/\/sp-gr.ch\/it\/blog\/2024\/02\/07\/il-ps-e-favorevole-a-una-politica-finanziaria-e-sanitaria-responsabile\/","title":{"rendered":"Il PS \u00e8 favorevole a una politica finanziaria e sanitaria responsabile"},"content":{"rendered":"\n<p><strong>In una riunione di preparazione alla sessione di febbraio, la frazione PS del Gran Consiglio retico si \u00e8 detta favorevole a rendere pi\u00f9 flessibili le linee guida della politica finanziaria. \u00c8 inoltre favorevole a una rapida attuazione a livello cantonale dell&#8217;iniziativa sulle cure infermieristiche. <\/strong><\/p>\n\n<p>Nella sessione di febbraio, il Gran Consiglio retico discuter\u00e0 il programma di Governo e il piano finanziario 2025-2028. Nella riunione preparatoria, il gruppo parlamentare del PS ha discusso il programma di Governo, in particolare i nuovi parametri di politica fiscale.<\/p>\n\n<p><strong>No a programmi di risparmio inutili<\/strong>&#13;\n&#13;\nSecondo il PS le attuali linee guida di politica fiscale sono chiaramente troppo rigide. In particolare, il limite fissato a 50 milioni di franchi per il deficit si \u00e8 rivelato inadeguato in termini di politica fiscale. In combinazione con una differenza sistematica tra preventivi e consuntivi significa che il Cantone non pu\u00f2 pi\u00f9 ridurre il suo capitale proprio, diventando in questo modo un salvadanaio sempre pi\u00f9 grande. Oggi, il Cantone presenta sempre preventivi molto vicini al limite del deficit permesso. Se a questo si aggiungono sgravi fiscali o altre mancate entrate, il Cantone sar\u00e0 costretto ad attuare programmi di risparmio che in realt\u00e0 sono inutili. Ci\u00f2 non \u00e8 sensato, visto che negli ultimi anni il Cantone ha chiuso i suoi conti in media con oltre 100 milioni di franchi in pi\u00f9 rispetto al preventivo e dispone perci\u00f2 di un enorme capitale proprio. Il PS \u00e8 pertanto favorevole a flessibilizzare al massimo il valore guida 1. Secondo la proposta di minoranza dei rappresentanti socialisti della commissione, l&#8217;approccio pi\u00f9 onesto consisterebbe nell&#8217;includere nel valore guida le differenze tra preventivo e consuntivo effettivamente realizzate negli ultimi anni.<\/p>\n\n<p><strong>\u00a0<\/strong>&#13;\n&#13;\n<strong>Rapida attuazione dell&#8217;iniziativa per le cure infermieristiche<\/strong>&#13;\n&#13;\nNel corso della riunione preparatoria, il PS ha discusso anche dell&#8217;attuazione della prima fase dell&#8217;iniziativa per le cure infermieristiche. Accoglie con favore l&#8217;approccio rapido e concreto \u2013 rispetto ad altri cantoni \u2013 del Governo e del dipartimento responsabile. Il PS sostiene con convinzione i contributi proposti per gli istituti di formazione e per gli studenti e le studentesse e gli infermieri e le infermiere in formazione. Come richiesto dal Governo e dalla minoranza della commissione, il PS \u00e8 anche favorevole a che gli istituti ricevano contributi a favore dei professionisti sanitari in formazione. L&#8217;assistenza infermieristica necessita un sostegno a 360 gradi alla formazione.<\/p>\n","protected":false},"excerpt":{"rendered":"<p>In una riunione di preparazione alla sessione di febbraio, la frazione PS del Gran Consiglio retico si \u00e8 detta favorevole a rendere pi\u00f9 flessibili le linee guida della politica finanziaria. [&hellip;]<\/p>\n","protected":false},"author":4,"featured_media":0,"comment_status":"open","ping_status":"open","sticky":false,"template":"","format":"standard","meta":{"footnotes":""},"categories":[15509,15514,15524],"tags":[],"cpt-channel":[],"class_list":["post-90001","post","type-post","status-publish","format-standard","hentry","category-communicato-stampa","category-gran-consiglio","category-non-categorizzato"],"_links":{"self":[{"href":"https:\/\/sp-gr.ch\/it\/wp-json\/wp\/v2\/posts\/90001","targetHints":{"allow":["GET"]}}],"collection":[{"href":"https:\/\/sp-gr.ch\/it\/wp-json\/wp\/v2\/posts"}],"about":[{"href":"https:\/\/sp-gr.ch\/it\/wp-json\/wp\/v2\/types\/post"}],"author":[{"embeddable":true,"href":"https:\/\/sp-gr.ch\/it\/wp-json\/wp\/v2\/users\/4"}],"replies":[{"embeddable":true,"href":"https:\/\/sp-gr.ch\/it\/wp-json\/wp\/v2\/comments?post=90001"}],"version-history":[{"count":0,"href":"https:\/\/sp-gr.ch\/it\/wp-json\/wp\/v2\/posts\/90001\/revisions"}],"wp:attachment":[{"href":"https:\/\/sp-gr.ch\/it\/wp-json\/wp\/v2\/media?parent=90001"}],"wp:term":[{"taxonomy":"category","embeddable":true,"href":"https:\/\/sp-gr.ch\/it\/wp-json\/wp\/v2\/categories?post=90001"},{"taxonomy":"post_tag","embeddable":true,"href":"https:\/\/sp-gr.ch\/it\/wp-json\/wp\/v2\/tags?post=90001"},{"taxonomy":"cpt-channel","embeddable":true,"href":"https:\/\/sp-gr.ch\/it\/wp-json\/wp\/v2\/cpt-channel?post=90001"}],"curies":[{"name":"wp","href":"https:\/\/api.w.org\/{rel}","templated":true}]}}