{"id":89947,"date":"2022-11-10T23:00:00","date_gmt":"2022-11-10T22:00:00","guid":{"rendered":"https:\/\/gr.spschweiz.ch\/blog\/2022\/11\/10\/due-si-per-la-giustizia-grigionese\/"},"modified":"2022-11-10T23:00:00","modified_gmt":"2022-11-10T22:00:00","slug":"due-si-per-la-giustizia-grigionese","status":"publish","type":"post","link":"https:\/\/sp-gr.ch\/it\/blog\/2022\/11\/10\/due-si-per-la-giustizia-grigionese\/","title":{"rendered":"Due s\u00ec per la giustizia grigionese"},"content":{"rendered":"\n<p><strong>Nella riunione del Comitato cantonale, il PS Grigioni ha formulato le sue raccomandazioni per le votazioni cantonali del 27 novembre. Il PS sostiene all&#8217;unanimit\u00e0 i due oggetti in votazione: la riforma della giustizia 3 e la ristrutturazione dello Staatsgeb\u00e4ude a Coira.<\/strong><\/p>\n\n<p>Il PS Grigioni raccomanda agli elettori di approvare la riforma della giustizia 3 e la ristrutturazione dello Staatsgeb\u00e4ude. La decisione \u00e8 stata presa all&#8217;unanimit\u00e0 dal Comitato cantonale del partito. La fusione del Tribunale cantonale e del Tribunale amministrativo, l&#8217;introduzione del lavoro a tempo parziale e una migliore organizzazione della vigilanza rappresentano una modernizzazione necessaria del sistema giudiziario grigionese.<\/p>\n\n<p><strong>Un edificio di valore storico<\/strong><\/p>\n\n<p>\u00c8 indiscutibile che il nuovo Tribunale d&#8217;appello del Cantone dei Grigioni necessiti di una nuova sede. Secondo il PS, lo Staatsgeb\u00e4ude a Coira rappresenta una soluzione ideale per questo scopo. La proposta di ristrutturazione e ampliamento dell&#8217;edificio di importanza storica convince; uno dei pi\u00f9 importanti edifici grigionesi del XIX secolo, infatti, sar\u00e0 riqualificato in modo responsabile dal punto di vista architettonico e finanziario. L\u2019edificio dovr\u00e0 essere nuovamente fruibile al pubblico, per questo motivo il PS si aspetta che lo Staatsgeb\u00e4ude sia accessibile in modo adeguato anche oltre gli orari di apertura del tribunale.<\/p>\n\n<p><strong>Per informazioni ulteriori:<\/strong><\/p>\n\n<ul class=\"wp-block-list\">\n<li>Julia M\u00fcller, 079 270 13 97<\/li>\n\n\n\n<li>Andri Perl, 079 311 05 91<\/li>\n<\/ul>\n","protected":false},"excerpt":{"rendered":"<p>Nella riunione del Comitato cantonale, il PS Grigioni ha formulato le sue raccomandazioni per le votazioni cantonali del 27 novembre. Il PS sostiene all&#8217;unanimit\u00e0 i due oggetti in votazione: la [&hellip;]<\/p>\n","protected":false},"author":1,"featured_media":0,"comment_status":"open","ping_status":"open","sticky":false,"template":"","format":"standard","meta":{"footnotes":""},"categories":[15509,15513],"tags":[],"cpt-channel":[],"class_list":["post-89947","post","type-post","status-publish","format-standard","hentry","category-communicato-stampa","category-giustizia-e-sicurezza"],"_links":{"self":[{"href":"https:\/\/sp-gr.ch\/it\/wp-json\/wp\/v2\/posts\/89947","targetHints":{"allow":["GET"]}}],"collection":[{"href":"https:\/\/sp-gr.ch\/it\/wp-json\/wp\/v2\/posts"}],"about":[{"href":"https:\/\/sp-gr.ch\/it\/wp-json\/wp\/v2\/types\/post"}],"author":[{"embeddable":true,"href":"https:\/\/sp-gr.ch\/it\/wp-json\/wp\/v2\/users\/1"}],"replies":[{"embeddable":true,"href":"https:\/\/sp-gr.ch\/it\/wp-json\/wp\/v2\/comments?post=89947"}],"version-history":[{"count":0,"href":"https:\/\/sp-gr.ch\/it\/wp-json\/wp\/v2\/posts\/89947\/revisions"}],"wp:attachment":[{"href":"https:\/\/sp-gr.ch\/it\/wp-json\/wp\/v2\/media?parent=89947"}],"wp:term":[{"taxonomy":"category","embeddable":true,"href":"https:\/\/sp-gr.ch\/it\/wp-json\/wp\/v2\/categories?post=89947"},{"taxonomy":"post_tag","embeddable":true,"href":"https:\/\/sp-gr.ch\/it\/wp-json\/wp\/v2\/tags?post=89947"},{"taxonomy":"cpt-channel","embeddable":true,"href":"https:\/\/sp-gr.ch\/it\/wp-json\/wp\/v2\/cpt-channel?post=89947"}],"curies":[{"name":"wp","href":"https:\/\/api.w.org\/{rel}","templated":true}]}}